{"id":60160,"date":"2024-06-24T06:35:14","date_gmt":"2024-06-24T06:35:14","guid":{"rendered":"https:\/\/yo.estate\/index.php\/2024\/06\/24\/aena-met-aux-encheres-un-terrain-pour-la-construction-dun-supermarche-a-laeroport-de-barajas-pour-142-millions-deuros\/"},"modified":"2026-02-21T02:49:12","modified_gmt":"2026-02-21T02:49:12","slug":"aena-met-aux-encheres-un-terrain-pour-la-construction-dun-supermarche-a-laeroport-de-barajas-pour-142-millions-deuros","status":"publish","type":"post","link":"https:\/\/yo.estate\/index.php\/2024\/06\/24\/aena-met-aux-encheres-un-terrain-pour-la-construction-dun-supermarche-a-laeroport-de-barajas-pour-142-millions-deuros\/","title":{"rendered":"Aena met aux ench\u00e8res un terrain pour la construction d&rsquo;un supermarch\u00e9 \u00e0 l&rsquo;a\u00e9roport de Barajas pour 14,2 millions d&rsquo;euros"},"content":{"rendered":"<p>Aena a mis en adjudication le droit de superficie d&rsquo;un terrain situ\u00e9 \u00e0 <strong>l&rsquo;a\u00e9roport Adolfo Su\u00e1rez Madrid-Barajas<\/strong> pour la construction d&rsquo;un supermarch\u00e9. Il s&rsquo;agit d&rsquo;un terrain am\u00e9nag\u00e9 et l&rsquo;objectif principal de l&rsquo;appel d&rsquo;offres est la construction, la gestion et l&rsquo;exploitation d&rsquo;un \u00e9tablissement qui disposera d&rsquo;un parking associ\u00e9 \u00e0 l&rsquo;usage exclusif de ses clients. La dur\u00e9e du contrat est de 30 ans.<\/p>\n<p>La superficie du terrain est de 8.590 m\u00e8tres carr\u00e9s, sur lesquels on peut construire jusqu&rsquo;\u00e0 6.000 m\u00e8tres. Une surface de vente de 2.000 m\u00e8tres peut \u00eatre consacr\u00e9e \u00e0 la vente, le reste \u00e9tant utilis\u00e9 comme zone d&rsquo;appui et de stationnement.<\/p>\n<p>Le montant estim\u00e9 du contrat est de 14,2 millions d&rsquo;euros, qui seront pay\u00e9s de deux mani\u00e8res: d&rsquo;une part, un loyer mensuel et, d&rsquo;autre part, un paiement unique \u00e0 effectuer au d\u00e9but du contrat. Les deux concepts peuvent faire l&rsquo;objet d&rsquo;un appel d&rsquo;offres et les valeurs de d\u00e9part sont respectivement de 27.030 euros par mois et de 993.000 euros.<\/p>\n<p>La p\u00e9riode de d\u00e9marrage ne peut exc\u00e9der 36 mois \u00e0 compter de la date de signature du contrat de transfert. La date limite de soumission des offres est fix\u00e9e au 12 mai.<\/p>\n<p><strong>Derni\u00e8res nouvelles du retail<\/strong><\/p>\n<p>Carmila et Carrefour vont investir 10 millions d&rsquo;euros dans la r\u00e9novation de Pe\u00f1acastillo. La r\u00e9novation du centre commercial, situ\u00e9 \u00e0 <strong>Santander<\/strong>, permettra de repositionner la zone de restauration, qui deviendra plus accessible et fonctionnelle.<\/p>\n<p>Zenia Boulevard investira 18 millions d&rsquo;euros dans sa r\u00e9novation. Avec cette r\u00e9novation, le centre commercial, situ\u00e9 \u00e0 <strong>Orihuela Costa<\/strong>, dans la province d&rsquo;<strong>Alicante<\/strong>, entend renforcer son positionnement.<\/p>\n<p>Un family office catalan acquiert un local \u00e0 San Sebastian pour 1,6 million d&rsquo;euros. L&rsquo;actif a une surface de pr\u00e8s de 300 m\u00e8tres carr\u00e9s r\u00e9partis sur deux \u00e9tages et est situ\u00e9 au num\u00e9ro 16 de la <strong>Calle San Marcial<\/strong>.<\/p>\n<figure class=\"wp-block-image size-large\"><a href=\"https:\/\/www.opea.io\"><img decoding=\"async\" src=\"https:\/\/yo.estate\/wp-content\/uploads\/2024\/04\/Capture-decran-2023-03-14-a-15.35.44-19-1024x108.jpg\"><\/a><\/figure><\/p>\n","protected":false},"excerpt":{"rendered":"<p>Aena a mis en adjudication le droit de superficie d&rsquo;un terrain situ\u00e9 \u00e0 l&rsquo;a\u00e9roport Adolfo Su\u00e1rez Madrid-Barajas pour la construction d&rsquo;un supermarch\u00e9. Il s&rsquo;agit d&rsquo;un terrain am\u00e9nag\u00e9 et l&rsquo;objectif principal de l&rsquo;appel d&rsquo;offres est la construction, la gestion et l&rsquo;exploitation d&rsquo;un \u00e9tablissement qui disposera d&rsquo;un parking associ\u00e9 \u00e0 l&rsquo;usage exclusif de ses clients. La dur\u00e9e [&hellip;]<\/p>\n","protected":false},"author":13,"featured_media":24417,"comment_status":"open","ping_status":"closed","sticky":false,"template":"","format":"standard","meta":{"_monsterinsights_skip_tracking":false,"_monsterinsights_sitenote_active":false,"_monsterinsights_sitenote_note":"","_monsterinsights_sitenote_category":0,"footnotes":""},"categories":[212,234],"tags":[],"class_list":["post-60160","post","type-post","status-publish","format-standard","has-post-thumbnail","hentry","category-breaking-news","category-logistique-retail"],"acf":[],"aioseo_notices":[],"_links":{"self":[{"href":"https:\/\/yo.estate\/index.php\/wp-json\/wp\/v2\/posts\/60160","targetHints":{"allow":["GET"]}}],"collection":[{"href":"https:\/\/yo.estate\/index.php\/wp-json\/wp\/v2\/posts"}],"about":[{"href":"https:\/\/yo.estate\/index.php\/wp-json\/wp\/v2\/types\/post"}],"author":[{"embeddable":true,"href":"https:\/\/yo.estate\/index.php\/wp-json\/wp\/v2\/users\/13"}],"replies":[{"embeddable":true,"href":"https:\/\/yo.estate\/index.php\/wp-json\/wp\/v2\/comments?post=60160"}],"version-history":[{"count":0,"href":"https:\/\/yo.estate\/index.php\/wp-json\/wp\/v2\/posts\/60160\/revisions"}],"wp:featuredmedia":[{"embeddable":true,"href":"https:\/\/yo.estate\/index.php\/wp-json\/wp\/v2\/media\/24417"}],"wp:attachment":[{"href":"https:\/\/yo.estate\/index.php\/wp-json\/wp\/v2\/media?parent=60160"}],"wp:term":[{"taxonomy":"category","embeddable":true,"href":"https:\/\/yo.estate\/index.php\/wp-json\/wp\/v2\/categories?post=60160"},{"taxonomy":"post_tag","embeddable":true,"href":"https:\/\/yo.estate\/index.php\/wp-json\/wp\/v2\/tags?post=60160"}],"curies":[{"name":"wp","href":"https:\/\/api.w.org\/{rel}","templated":true}]}}