{"id":60161,"date":"2024-06-24T06:40:06","date_gmt":"2024-06-24T06:40:06","guid":{"rendered":"https:\/\/yo.estate\/index.php\/2024\/06\/24\/melia-ouvrira-un-nouvel-hotel-au-montenegro-en-2025\/"},"modified":"2026-02-21T03:04:14","modified_gmt":"2026-02-21T03:04:14","slug":"melia-ouvrira-un-nouvel-hotel-au-montenegro-en-2025","status":"publish","type":"post","link":"https:\/\/yo.estate\/index.php\/2024\/06\/24\/melia-ouvrira-un-nouvel-hotel-au-montenegro-en-2025\/","title":{"rendered":"Meli\u00e1 ouvrira un nouvel h\u00f4tel au Mont\u00e9n\u00e9gro en 2025"},"content":{"rendered":"<p><em>La cha\u00eene Meli\u00e1 Hotels International a annonc\u00e9 <strong>la signature d&rsquo;un nouvel \u00e9tablissement <\/strong>sur la c\u00f4te du Mont\u00e9n\u00e9gro, qui ouvrira en 2025 sous le nom de Meli\u00e1 Be\u010di\u0107i Budva, ce qui repr\u00e9sente une nouvelle \u00e9tape dans ses plans d&rsquo;expansion dans les pays m\u00e9diterran\u00e9ens; et a avanc\u00e9 que l&rsquo;\u00e9tablissement, avec pr\u00e8s de 300 chambres, se caract\u00e9risera par sa haute qualit\u00e9 et son service.<\/em><\/p>\n<p>Le nouvel h\u00f4tel sera situ\u00e9 \u00e0 Be\u010di\u0107i, pr\u00e8s de la ville de Budva, <strong>l&rsquo;une des zones touristiques \u00e0 la croissance la plus rapide <\/strong>du pays, et marquera une \u00e9tape importante dans l&rsquo;engagement de la soci\u00e9t\u00e9 envers les destinations de vacances europ\u00e9ennes. L&rsquo;objectif de la soci\u00e9t\u00e9 est qu&rsquo;il devienne une r\u00e9f\u00e9rence dans le pays, en combinant la gestion du groupe h\u00f4telier espagnol et le grand potentiel touristique de la destination.<\/p>\n<p>Le futur h\u00f4tel Meli\u00e1 Be\u010di\u0107i Budva disposera d&rsquo;un total de 294 chambres suites, dont 140 seront des appartements d&rsquo;une superficie maximale de 118 m\u00e8tres carr\u00e9s.<\/p>\n<p>Ses installations comprendront <strong>une piscine ext\u00e9rieure \u00e0 d\u00e9bordement<\/strong> et une piscine int\u00e9rieure, ainsi qu&rsquo;un centre de bien-\u00eatre qui comprendra un centre de remise en forme, des soins et un spa. En termes de gastronomie, l&rsquo;h\u00f4tel proposera deux restaurants \u00e0 la carte, un restaurant buffet et un bar. En outre, il disposera d&rsquo;espaces communs \u00ab\u00a0impressionnants\u00a0\u00bb, selon Meli\u00e1.<\/p>\n<p>L&rsquo;offre de ce futur h\u00f4tel de la cha\u00eene espagnole comprend \u00e9galement un rooftop avec vue sur la mer, qui proposera \u00e9galement une s\u00e9lection de produits gastronomiques et de boissons. Compl\u00e9tant les installations du Meli\u00e1 Be\u010di\u0107i Budva, l&rsquo;h\u00f4tel disposera \u00e9galement de <strong>diff\u00e9rentes salles de r\u00e9union et d&rsquo;\u00e9v\u00e9nements<\/strong>, ainsi que d&rsquo;un grand parking de 100 places.<\/p>\n<p><strong>Investissements dans les Balkans<\/strong><\/p>\n<p>\u00ab\u00a0Les Balkans, et plus pr\u00e9cis\u00e9ment la r\u00e9gion adriatique, sont en train de construire un avenir touristique dont nous, Meli\u00e1 Hotels International, sommes fiers de faire partie et de <strong>pouvoir apporter notre exp\u00e9rience<\/strong>\u00ab\u00a0, a d\u00e9clar\u00e9 le PDG et vice-pr\u00e9sident ex\u00e9cutif de l&rsquo;h\u00f4telier, Gabriel Escarrer, qui a soulign\u00e9 que \u00ab\u00a0nous continuerons \u00e0 nous engager dans notre croissance dans les destinations m\u00e9diterran\u00e9ennes \u00e0 fort potentiel\u00a0\u00bb.<\/p>\n<figure class=\"wp-block-image size-large\"><img decoding=\"async\" src=\"https:\/\/yo.estate\/wp-content\/uploads\/2024\/04\/L_111127_melia-becici-budva-2-1024x579.jpg\"><\/figure>\n<\/p>\n<p>Il convient de noter que Be\u010di\u0107i se distingue pour avoir l&rsquo;une des meilleures plages du Mont\u00e9n\u00e9gro, l&rsquo;enclave offre une occasion unique de profiter de la mer, des montagnes et de la tradition du pays, avec des endroits sp\u00e9ciaux tels que le vieux village Rafailoivi, un ancien village de p\u00eacheurs qui offre aujourd&rsquo;hui la meilleure cuisine locale et des sp\u00e9cialit\u00e9s de la mer.<\/p>\n","protected":false},"excerpt":{"rendered":"<p>La cha\u00eene Meli\u00e1 Hotels International a annonc\u00e9 la signature d&rsquo;un nouvel \u00e9tablissement sur la c\u00f4te du Mont\u00e9n\u00e9gro, qui ouvrira en 2025 sous le nom de Meli\u00e1 Be\u010di\u0107i Budva, ce qui repr\u00e9sente une nouvelle \u00e9tape dans ses plans d&rsquo;expansion dans les pays m\u00e9diterran\u00e9ens; et a avanc\u00e9 que l&rsquo;\u00e9tablissement, avec pr\u00e8s de 300 chambres, se caract\u00e9risera par [&hellip;]<\/p>\n","protected":false},"author":13,"featured_media":24421,"comment_status":"open","ping_status":"closed","sticky":false,"template":"","format":"standard","meta":{"_monsterinsights_skip_tracking":false,"_monsterinsights_sitenote_active":false,"_monsterinsights_sitenote_note":"","_monsterinsights_sitenote_category":0,"footnotes":""},"categories":[212,258],"tags":[],"class_list":["post-60161","post","type-post","status-publish","format-standard","has-post-thumbnail","hentry","category-breaking-news","category-hotels-living"],"acf":[],"aioseo_notices":[],"_links":{"self":[{"href":"https:\/\/yo.estate\/index.php\/wp-json\/wp\/v2\/posts\/60161","targetHints":{"allow":["GET"]}}],"collection":[{"href":"https:\/\/yo.estate\/index.php\/wp-json\/wp\/v2\/posts"}],"about":[{"href":"https:\/\/yo.estate\/index.php\/wp-json\/wp\/v2\/types\/post"}],"author":[{"embeddable":true,"href":"https:\/\/yo.estate\/index.php\/wp-json\/wp\/v2\/users\/13"}],"replies":[{"embeddable":true,"href":"https:\/\/yo.estate\/index.php\/wp-json\/wp\/v2\/comments?post=60161"}],"version-history":[{"count":0,"href":"https:\/\/yo.estate\/index.php\/wp-json\/wp\/v2\/posts\/60161\/revisions"}],"wp:featuredmedia":[{"embeddable":true,"href":"https:\/\/yo.estate\/index.php\/wp-json\/wp\/v2\/media\/24421"}],"wp:attachment":[{"href":"https:\/\/yo.estate\/index.php\/wp-json\/wp\/v2\/media?parent=60161"}],"wp:term":[{"taxonomy":"category","embeddable":true,"href":"https:\/\/yo.estate\/index.php\/wp-json\/wp\/v2\/categories?post=60161"},{"taxonomy":"post_tag","embeddable":true,"href":"https:\/\/yo.estate\/index.php\/wp-json\/wp\/v2\/tags?post=60161"}],"curies":[{"name":"wp","href":"https:\/\/api.w.org\/{rel}","templated":true}]}}