{"id":60164,"date":"2024-06-24T06:40:13","date_gmt":"2024-06-24T06:40:13","guid":{"rendered":"https:\/\/yo.estate\/index.php\/2024\/06\/24\/feu-vert-pour-un-megaprojet-a-malaga-avec-870-appartements-bureaux-commerces-et-un-hotel\/"},"modified":"2026-02-21T03:04:26","modified_gmt":"2026-02-21T03:04:26","slug":"feu-vert-pour-un-megaprojet-a-malaga-avec-870-appartements-bureaux-commerces-et-un-hotel","status":"publish","type":"post","link":"https:\/\/yo.estate\/index.php\/2024\/06\/24\/feu-vert-pour-un-megaprojet-a-malaga-avec-870-appartements-bureaux-commerces-et-un-hotel\/","title":{"rendered":"Feu vert pour un m\u00e9gaprojet \u00e0 Malaga avec 870 appartements, bureaux, commerces et un h\u00f4tel"},"content":{"rendered":"<p>La Direction g\u00e9n\u00e9rale des c\u00f4tes a donn\u00e9 son approbation \u00e0 &lsquo;La T\u00e9rmica&rsquo;, l&rsquo;un des plus grands projets r\u00e9sidentiels de la c\u00f4te andalouse et le plus pertinent de la ville de Malaga.<\/p>\n<p>24 mars 2023, 14:20<br \/>L&rsquo;un des plus grands projets r\u00e9sidentiels de la c\u00f4te andalouse et le plus pertinent de la ville de Malaga se rapproche de devenir une r\u00e9alit\u00e9. C&rsquo;est &lsquo;La T\u00e9rmica&rsquo;, un complexe avec des maisons, des bureaux et des espaces commerciaux et h\u00f4teliers.<\/p>\n<p>La Direction G\u00e9n\u00e9rale des Littoraux a donn\u00e9 son aval \u00e0 ce projet qui combine de multiples affectations du sol pour r\u00e9pondre aux besoins de la population de la zone, impliquant la construction de 870 logements, ainsi qu&rsquo;une zone commerciale, des bureaux et un h\u00f4tel, et qui est un exemple de d\u00e9veloppement urbain en collaboration public-priv\u00e9. Plus pr\u00e9cis\u00e9ment, il est n\u00e9 de l&rsquo;initiative conjointe de la mairie de Malaga et de NUMA, la soci\u00e9t\u00e9 form\u00e9e par Inmobiliaria Espacio et le fonds d&rsquo;investissement Ginkgo (participation de la Banque europ\u00e9enne d&rsquo;investissement et de la Caja General de Dep\u00f3sitos de Par\u00eds).<\/p>\n<p>Selon le site Inmobiliaria Espacio, et en attendant l&rsquo;approbation finale, le projet envisage le d\u00e9veloppement d&rsquo;un terrain d&rsquo;environ 116.000 m2, et environ 80% de la surface totale du terrain sera utilis\u00e9 pour les espaces publics et verts. En ce qui concerne les maisons, il est pr\u00e9vu qu&rsquo;environ 300 unit\u00e9s seront VPO.<\/p>\n<p>D&rsquo;autre part, la filiale contr\u00f4l\u00e9e \u00e0 100% par le groupe Villar Mir souligne que l&rsquo;\u00e9l\u00e9ment diff\u00e9rentiel qui a finalement d\u00e9cid\u00e9 la d\u00e9cision de Costas en faveur du d\u00e9veloppement du projet a \u00e9t\u00e9 la r\u00e9duction de la hauteur maximale des b\u00e2timents \u00e0 11 \u00e9tages \u00e0 certains endroits, plus un rez-de-chauss\u00e9e. De cette fa\u00e7on, les promoteurs du projet am\u00e9liorent l&rsquo;harmonie du contexte urbain local, en \u00e9vitant la formation de barri\u00e8res architecturales ou visuelles, en variant les hauteurs et en maximisant les vues.<\/p>\n<p>Apr\u00e8s ce premier feu vert, les promoteurs esp\u00e8rent que l&rsquo;approbation d\u00e9finitive du Plan partiel interviendra en avril, afin de d\u00e9marrer les travaux de construction au plus vite.<\/p>\n<p>Alberto Mu\u00f1oz, PDG d&rsquo;Inmobiliaria Espacio, affirme que \u00ab\u00a0ce permis est l&rsquo;\u00e9tape d\u00e9finitive dont nous avions besoin pour obtenir l&rsquo;approbation de la planification de l&rsquo;un des projets qui est non seulement le plus important, mais aussi le plus n\u00e9cessaire pour la ville de Malaga. Avec la mise en \u0153uvre de ce d\u00e9veloppement urbain, nous avons r\u00e9ussi \u00e0 continuer \u00e0 avancer dans la r\u00e9g\u00e9n\u00e9ration du territoire de la ville, en favorisant sa modernisation et son adaptation \u00e0 un contexte mondial plus num\u00e9ris\u00e9 et durable \u00bb.<\/p>\n<p>Quant \u00e0 la conception architecturale de &lsquo;La T\u00e9rmica&rsquo;, la plus remarquable est l&rsquo;int\u00e9gration des b\u00e2timents avec l&rsquo;environnement et l&rsquo;utilisation du blanc pour profiter du pouvoir r\u00e9gulateur thermique de la mer dans l&rsquo;acclimatation des b\u00e2timents, ce qui permettra de r\u00e9duire sa consommation \u00e9nerg\u00e9tique. A cela s&rsquo;ajoute \u00e9galement une conception arrondie des fa\u00e7ades qui r\u00e9duira l&rsquo;impact des vents dominants, et que les b\u00e2timents auront la certification d&rsquo;efficacit\u00e9 \u00e9nerg\u00e9tique maximale.<\/p>\n","protected":false},"excerpt":{"rendered":"<p>La Direction g\u00e9n\u00e9rale des c\u00f4tes a donn\u00e9 son approbation \u00e0 &lsquo;La T\u00e9rmica&rsquo;, l&rsquo;un des plus grands projets r\u00e9sidentiels de la c\u00f4te andalouse et le plus pertinent de la ville de Malaga. 24 mars 2023, 14:20L&rsquo;un des plus grands projets r\u00e9sidentiels de la c\u00f4te andalouse et le plus pertinent de la ville de Malaga se rapproche [&hellip;]<\/p>\n","protected":false},"author":13,"featured_media":24435,"comment_status":"open","ping_status":"closed","sticky":false,"template":"","format":"standard","meta":{"_monsterinsights_skip_tracking":false,"_monsterinsights_sitenote_active":false,"_monsterinsights_sitenote_note":"","_monsterinsights_sitenote_category":0,"footnotes":""},"categories":[212,213],"tags":[],"class_list":["post-60164","post","type-post","status-publish","format-standard","has-post-thumbnail","hentry","category-breaking-news","category-construction-nouvelles"],"acf":[],"aioseo_notices":[],"_links":{"self":[{"href":"https:\/\/yo.estate\/index.php\/wp-json\/wp\/v2\/posts\/60164","targetHints":{"allow":["GET"]}}],"collection":[{"href":"https:\/\/yo.estate\/index.php\/wp-json\/wp\/v2\/posts"}],"about":[{"href":"https:\/\/yo.estate\/index.php\/wp-json\/wp\/v2\/types\/post"}],"author":[{"embeddable":true,"href":"https:\/\/yo.estate\/index.php\/wp-json\/wp\/v2\/users\/13"}],"replies":[{"embeddable":true,"href":"https:\/\/yo.estate\/index.php\/wp-json\/wp\/v2\/comments?post=60164"}],"version-history":[{"count":0,"href":"https:\/\/yo.estate\/index.php\/wp-json\/wp\/v2\/posts\/60164\/revisions"}],"wp:featuredmedia":[{"embeddable":true,"href":"https:\/\/yo.estate\/index.php\/wp-json\/wp\/v2\/media\/24435"}],"wp:attachment":[{"href":"https:\/\/yo.estate\/index.php\/wp-json\/wp\/v2\/media?parent=60164"}],"wp:term":[{"taxonomy":"category","embeddable":true,"href":"https:\/\/yo.estate\/index.php\/wp-json\/wp\/v2\/categories?post=60164"},{"taxonomy":"post_tag","embeddable":true,"href":"https:\/\/yo.estate\/index.php\/wp-json\/wp\/v2\/tags?post=60164"}],"curies":[{"name":"wp","href":"https:\/\/api.w.org\/{rel}","templated":true}]}}