{"id":60168,"date":"2024-06-24T06:45:19","date_gmt":"2024-06-24T06:45:19","guid":{"rendered":"https:\/\/yo.estate\/index.php\/2024\/06\/24\/spectaculaire-nouvelle-villa-de-luxe-sur-la-costa-blanca-koch-varlet\/"},"modified":"2026-02-21T03:19:52","modified_gmt":"2026-02-21T03:19:52","slug":"spectaculaire-nouvelle-villa-de-luxe-sur-la-costa-blanca-koch-varlet","status":"publish","type":"post","link":"https:\/\/yo.estate\/index.php\/2024\/06\/24\/spectaculaire-nouvelle-villa-de-luxe-sur-la-costa-blanca-koch-varlet\/","title":{"rendered":"Spectaculaire nouvelle villa de luxe sur la Costa Blanca (Koch &#038; Varlet)"},"content":{"rendered":"<p><strong>Avez-vous d\u00e9j\u00e0 r\u00eav\u00e9 d\u2019une maison en Espagne expos\u00e9e au sud, face \u00e0 la mer M\u00e9diterran\u00e9e et \u00e0 distance de marche de la plage de sable fin&nbsp;?&nbsp;<\/strong><\/p>\n<p>Koch &amp; Varlet Luxury Realtors vous pr\u00e9sente en mandat exclusif, cette spectaculaire villa de luxe de style rustique m\u00e9diterran\u00e9en, avec une vue imprenable sur les eaux bleu \u00e9meraude de la mer M\u00e9diterran\u00e9e, la plage de sable fin de PORTET et le rocher Pe\u00f1on del Ifach, situ\u00e9e dans le charmant et tr\u00e8s recherch\u00e9 quartier du Golden Mile, El Portet MORAIRA, connu pour sa plage de sable fin, son exposition SUD et sa proximit\u00e9 de tous les services et commodit\u00e9s dont d&rsquo;excellentes \u00e9coles internationales.<\/p>\n<figure class=\"wp-block-embed is-type-video is-provider-youtube wp-block-embed-youtube wp-embed-aspect-16-9 wp-has-aspect-ratio\">\n<div class=\"wp-block-embed__wrapper\">\n<\/div>\n<\/figure>\n<p>Situ\u00e9e face au port de Moraira, entre la mer M\u00e9diterran\u00e9e et les montagnes, vous profiterez d&rsquo;une vue mer sans pareil, cette sublime villa est \u00e0 seulement 5 minutes \u00e0 pied de la plage et \u00e0 quelques minutes \u00e0 pied du centre et du port de Moraira. Vous profiterez m\u00eame du restaurant le Dauphin, en bas de chez vous, sur la plage, connue pour sa grande qualit\u00e9 et sa cuisine m\u00e9diterran\u00e9enne fran\u00e7aise avec des plats \u00e9labor\u00e9s de poissons de la baie pr\u00e9par\u00e9s avec de l&rsquo;huile d&rsquo;olive et des herbes fra\u00eeches, des viandes de sp\u00e9cialit\u00e9 telles que leur surlonge australienne Rossini et une couronne d&rsquo;agneau r\u00f4tie.&nbsp;<a href=\"http:\/\/ledauphin.com\/\" target=\"_blank\" rel=\"noreferrer noopener\">http:\/\/ledauphin.com\/<\/a><\/p>\n<p>Entour\u00e9e d&rsquo;une nature magnifique et de propri\u00e9t\u00e9s de luxe similaires, la maison de plus de 400 m\u00b2 avec plus de 200 m\u00b2 de terrasses est situ\u00e9e sur un terrain de 1.012 m\u00b2. Elle dispose d&rsquo;espaces de vie spacieux et lumineux d\u00e9cor\u00e9s dans un style m\u00e9diterran\u00e9en, \u00e9galement connu sous le nom de style Ibicenco. L&rsquo;ensemble cr\u00e9e une ambiance sans pareille, entre les pierres naturelles taill\u00e9es, les tuiles vieillies, les tomettes au sol, les murs blancs aux angles arrondis, les diverses lumi\u00e8res d&rsquo;ambiance indirectes, les vo\u00fbtes, le bois, les niches, et les nombreuses pergolas, vous transportant dans un endroit paisible et relaxant.<\/p>\n<p>Cette maison unique offre beaucoup d&rsquo;espace pour se pr\u00e9lasser et se d\u00e9tendre au soleil ainsi qu&rsquo;une intimit\u00e9 et une int\u00e9gration parfaite avec la nature environnante.<\/p>\n<p>En acc\u00e9dant \u00e0 la propri\u00e9t\u00e9, nous sommes re\u00e7us par un magnifique olivier, en passant par les escaliers et de beaux bougainvilliers, nous arrivons sur la terrasse ext\u00e9rieure principale, o\u00f9 ses diff\u00e9rentes pergola et naya vous offrent le plus grand choix pour vous satisfaire, entre le salon ext\u00e9rieur avec tv, les diff\u00e9rents canap\u00e9s et coin barbecue, les coins repas ensoleill\u00e9s et ombrag\u00e9s, vous vous rendrez vite compte que ces terrasses ext\u00e9rieures deviendront vite votre lieu de pr\u00e9dilection.<\/p>\n<p>En entrant \u00e0 l&rsquo;int\u00e9rieur, nous sommes re\u00e7us par un grand salon avec chemin\u00e9e, une salle \u00e0 manger spacieuse avec un puits de lumi\u00e8re \u00e0 l&rsquo;arri\u00e8re donnant sur un patio anglais de pierres naturelles qui apportent lumi\u00e8re et profondeur \u00e0 la pi\u00e8ce. Ind\u00e9pendante et attenante, nous disposons d&rsquo;une cuisine enti\u00e8rement \u00e9quip\u00e9e et fonctionnelle dans un style rustique qui a acc\u00e8s \u00e0 l&rsquo;ext\u00e9rieur, pour votre plus grand confort. A cet \u00e9tage se trouvent deux grandes chambres avec placards ainsi qu&rsquo;une salle de bain et une cave \u00e0 vin.<\/p>\n<p>A l&rsquo;\u00e9tage se trouve la magnifique suite parentale, impressionnante par sa taille mais aussi par sa vue exceptionnelle sur la mer. Elle dispose d&rsquo;un grand dressing avec acc\u00e8s direct \u00e0 la piscine ext\u00e9rieure, d&rsquo;une terrasse expos\u00e9e SUD, et d&rsquo;une grande salle de bain avec baignoire d&rsquo;o\u00f9 vous ne vous lasserez jamais de la vue.<\/p>\n<p>En passant par le Master, ou par l&rsquo;ext\u00e9rieur, on arrive sur un remarquable toit terrasse\/solarium avec une piscine \u00e0 d\u00e9bordement, soulign\u00e9e par de somptueux murs en pierre naturelle, diverses terrasses entour\u00e9es de v\u00e9g\u00e9tation et une cuisine annexe avec douche ext\u00e9rieure. L&rsquo;endroit id\u00e9al pour se pr\u00e9lasser au soleil.<\/p>\n<p>La propri\u00e9t\u00e9 offre \u00e9galement un appartement d&rsquo;invit\u00e9s, compos\u00e9 d&rsquo;un salon-salle \u00e0 manger, d&rsquo;une cuisine, de deux grandes chambres avec placards, d&rsquo;une salle de bain et d&rsquo;une buanderie et de salles des machines.<\/p>\n<p>La Villa Luna est l&rsquo;endroit id\u00e9al pour ceux qui veulent profiter du meilleur du luxe dans l&rsquo;un des quartiers les plus recherch\u00e9s de la Costa Blanca !<\/p>\n<p>Une propri\u00e9t\u00e9 unique pr\u00e9sent\u00e9e par KOCH &amp; VARLET LUXURY REALTORS S.L.,&nbsp;<a href=\"https:\/\/www.kv-realtors.com\/\" target=\"_blank\" rel=\"noreferrer noopener\">https:\/\/www.kv-realtors.com\/<\/a>&nbsp;votre agence immobili\u00e8re experte en propri\u00e9t\u00e9s de luxe sur la Costa Blanca en Espagne, Denia Javea Moraira Benissa Altea.<\/p>\n<figure class=\"wp-block-gallery has-nested-images columns-default is-cropped wp-block-gallery-3 is-layout-flex wp-block-gallery-is-layout-flex\">\n<figure class=\"wp-block-image size-large\"><img decoding=\"async\" src=\"https:\/\/yo.estate\/wp-content\/smush-webp\/2024\/04\/8-1-scaled.jpg.webp\"><\/figure>\n<figure class=\"wp-block-image size-large\"><img decoding=\"async\" src=\"https:\/\/yo.estate\/wp-content\/uploads\/2024\/04\/5-1-1024x683.jpg\"><\/figure>\n<figure class=\"wp-block-image size-large\"><img decoding=\"async\" src=\"https:\/\/yo.estate\/wp-content\/uploads\/2024\/04\/7-1.jpg\"><\/figure>\n<figure class=\"wp-block-image size-large\"><img decoding=\"async\" src=\"https:\/\/yo.estate\/wp-content\/uploads\/2024\/04\/9-2-1024x683.jpg\"><\/figure>\n<figure class=\"wp-block-image size-large\"><img decoding=\"async\" src=\"https:\/\/yo.estate\/wp-content\/uploads\/2024\/04\/22-1-1024x683.jpg\"><\/figure>\n<figure class=\"wp-block-image size-large\"><img decoding=\"async\" src=\"https:\/\/yo.estate\/wp-content\/smush-webp\/2024\/04\/10-1-scaled.jpg.webp\"><\/figure>\n<figure class=\"wp-block-image size-large\"><img decoding=\"async\" src=\"https:\/\/yo.estate\/wp-content\/uploads\/2024\/04\/11-1.jpg\"><\/figure>\n<figure class=\"wp-block-image size-large\"><img decoding=\"async\" src=\"https:\/\/yo.estate\/wp-content\/uploads\/2024\/04\/12-1-1024x683.jpg\"><\/figure>\n<figure class=\"wp-block-image size-large\"><img decoding=\"async\" src=\"https:\/\/yo.estate\/wp-content\/uploads\/2024\/04\/13-1-1024x683.jpg\"><\/figure>\n<figure class=\"wp-block-image size-large\"><img decoding=\"async\" src=\"https:\/\/yo.estate\/wp-content\/uploads\/2024\/04\/21-1-1024x683.jpg\"><\/figure>\n<figure class=\"wp-block-image size-large\"><img decoding=\"async\" src=\"https:\/\/yo.estate\/wp-content\/smush-webp\/2024\/04\/2-2-1024x683.jpg.webp\"><\/figure>\n<figure class=\"wp-block-image size-large\"><img decoding=\"async\" src=\"https:\/\/yo.estate\/wp-content\/uploads\/2024\/04\/19-1024x683.jpg\"><\/figure>\n<figure class=\"wp-block-image size-large\"><img decoding=\"async\" src=\"https:\/\/yo.estate\/wp-content\/uploads\/2024\/04\/20-1-1024x683.jpg\"><\/figure>\n<figure class=\"wp-block-image size-large\"><img decoding=\"async\" src=\"https:\/\/yo.estate\/wp-content\/uploads\/2024\/04\/16-1-1024x683.jpg\"><\/figure>\n<figure class=\"wp-block-image size-large\"><img decoding=\"async\" src=\"https:\/\/yo.estate\/wp-content\/uploads\/2024\/04\/17-2-1024x683.jpg\"><\/figure>\n<figure class=\"wp-block-image size-large\"><img decoding=\"async\" src=\"https:\/\/yo.estate\/wp-content\/uploads\/2024\/04\/6-1-1024x683.jpg\"><\/figure>\n<figure class=\"wp-block-image size-large\"><img decoding=\"async\" src=\"https:\/\/yo.estate\/wp-content\/uploads\/2024\/04\/4-2-1024x683.jpg\"><\/figure>\n<figure class=\"wp-block-image size-large\"><img decoding=\"async\" src=\"https:\/\/yo.estate\/wp-content\/uploads\/2024\/04\/15-3-1024x683.jpg\"><\/figure>\n<figure class=\"wp-block-image size-large\"><img decoding=\"async\" src=\"https:\/\/yo.estate\/wp-content\/uploads\/2024\/04\/18-3-1024x683.jpg\"><\/figure>\n<figure class=\"wp-block-image size-large\"><img decoding=\"async\" src=\"https:\/\/yo.estate\/wp-content\/uploads\/2024\/04\/14-3-1024x683.jpg\"><\/figure>\n<figure class=\"wp-block-image size-large\"><img decoding=\"async\" src=\"https:\/\/yo.estate\/wp-content\/uploads\/2024\/04\/3-5-1024x683.jpg\"><\/figure>\n<\/figure>\n","protected":false},"excerpt":{"rendered":"<p>Avez-vous d\u00e9j\u00e0 r\u00eav\u00e9 d\u2019une maison en Espagne expos\u00e9e au sud, face \u00e0 la mer M\u00e9diterran\u00e9e et \u00e0 distance de marche de la plage de sable fin&nbsp;?&nbsp; Koch &amp; Varlet Luxury Realtors vous pr\u00e9sente en mandat exclusif, cette spectaculaire villa de luxe de style rustique m\u00e9diterran\u00e9en, avec une vue imprenable sur les eaux bleu \u00e9meraude de [&hellip;]<\/p>\n","protected":false},"author":13,"featured_media":24491,"comment_status":"open","ping_status":"closed","sticky":false,"template":"","format":"standard","meta":{"_monsterinsights_skip_tracking":false,"_monsterinsights_sitenote_active":false,"_monsterinsights_sitenote_note":"","_monsterinsights_sitenote_category":0,"footnotes":""},"categories":[212],"tags":[],"class_list":["post-60168","post","type-post","status-publish","format-standard","has-post-thumbnail","hentry","category-breaking-news"],"acf":[],"aioseo_notices":[],"_links":{"self":[{"href":"https:\/\/yo.estate\/index.php\/wp-json\/wp\/v2\/posts\/60168","targetHints":{"allow":["GET"]}}],"collection":[{"href":"https:\/\/yo.estate\/index.php\/wp-json\/wp\/v2\/posts"}],"about":[{"href":"https:\/\/yo.estate\/index.php\/wp-json\/wp\/v2\/types\/post"}],"author":[{"embeddable":true,"href":"https:\/\/yo.estate\/index.php\/wp-json\/wp\/v2\/users\/13"}],"replies":[{"embeddable":true,"href":"https:\/\/yo.estate\/index.php\/wp-json\/wp\/v2\/comments?post=60168"}],"version-history":[{"count":0,"href":"https:\/\/yo.estate\/index.php\/wp-json\/wp\/v2\/posts\/60168\/revisions"}],"wp:featuredmedia":[{"embeddable":true,"href":"https:\/\/yo.estate\/index.php\/wp-json\/wp\/v2\/media\/24491"}],"wp:attachment":[{"href":"https:\/\/yo.estate\/index.php\/wp-json\/wp\/v2\/media?parent=60168"}],"wp:term":[{"taxonomy":"category","embeddable":true,"href":"https:\/\/yo.estate\/index.php\/wp-json\/wp\/v2\/categories?post=60168"},{"taxonomy":"post_tag","embeddable":true,"href":"https:\/\/yo.estate\/index.php\/wp-json\/wp\/v2\/tags?post=60168"}],"curies":[{"name":"wp","href":"https:\/\/api.w.org\/{rel}","templated":true}]}}