{"id":60171,"date":"2024-06-24T06:50:15","date_gmt":"2024-06-24T06:50:15","guid":{"rendered":"https:\/\/yo.estate\/index.php\/2024\/06\/24\/linsolente-sante-financiere-dinditex-benefices-en-hausse-de-27-pour-2022\/"},"modified":"2026-02-21T03:35:33","modified_gmt":"2026-02-21T03:35:33","slug":"linsolente-sante-financiere-dinditex-benefices-en-hausse-de-27-pour-2022","status":"publish","type":"post","link":"https:\/\/yo.estate\/index.php\/2024\/06\/24\/linsolente-sante-financiere-dinditex-benefices-en-hausse-de-27-pour-2022\/","title":{"rendered":"L\u2019insolente sant\u00e9 financi\u00e8re d\u2019Inditex :\u00a0b\u00e9n\u00e9fices en hausse de 27 % pour 2022"},"content":{"rendered":"<p>Inditex la maison m\u00e8re de Zara, annonce un record de profits et de chiffre d\u2019affaires pour 2022 avec plus de 4 milliards d\u2019euros de b\u00e9n\u00e9fices, un record historique, et ce, malgr\u00e9 un contexte international et social difficile.<\/p>\n<p>Le leader mondial du&nbsp;pr\u00eat-\u00e0-porter&nbsp;qui regroupe les marques Zara, Zara Home, Stradivarius, Pull and&nbsp;Bear,&nbsp;Oysho, Massimo&nbsp;Dutti&nbsp;et&nbsp;Bershka&nbsp;vient de publier ses r\u00e9sultats pour la p\u00e9riode allant du 1er f\u00e9vrier 2022 au 31 janvier 2023 annon\u00e7ant un chiffre d\u2019affaires&nbsp;record de 32,57 milliards d\u2019euros, une augmentation de&nbsp;17,5 %&nbsp;par rapport&nbsp;\u00e0&nbsp;2021 et de&nbsp;13,5 %&nbsp;par rapport&nbsp;\u00e0&nbsp;2019&nbsp;ann\u00e9e&nbsp;pr\u00e9-pand\u00e9mique.&nbsp;Marqu\u00e9e par son premier mouvement social, par l\u2019arriv\u00e9e de Marta Ortega fille du fondateur aux commandes du groupe, par la fermeture de ses magasins en Ukraine, la vente de ses boutiques en Russie et par une inflation g\u00e9n\u00e9ralis\u00e9e, le groupe continue sa progression faisant preuve d\u2019un grand sens de l\u2019adaptation.<\/p>\n<p>Les pertes li\u00e9es aux conflits en Ukraine obligeant le groupe&nbsp;a&nbsp;ferm\u00e9 ses 80 boutiques et \u00e0 vendre celles de Russie&nbsp;(plus de 500), son deuxi\u00e8me march\u00e9 apr\u00e8s l\u2019Espagne, ont \u00e9t\u00e9 compens\u00e9 par une meilleure productivit\u00e9, une augmentation des ventes en ligne et en magasins ainsi qu\u2019une augmentation des prix.<\/p>\n<p>Les achats en ligne qui avaient explos\u00e9 au moment des confinements continuent d\u2019augmenter raisonnablement&nbsp;(+4 %)&nbsp;repr\u00e9sentant 23,9 % du chiffre d\u2019affaires total et les ventes en magasin ont augment\u00e9es de 24 % malgr\u00e9 la baisse importante du nombre de magasins :&nbsp;en effet, Inditex a ferm\u00e9 pr\u00e8s de 1000 points de vente dans le monde.<\/p>\n<p>Mais le groupe qui emploie 165 000 personnes a aussi pour la premi\u00e8re fois, d\u00fb faire face \u00e0 un mouvement social :&nbsp;en Espagne, les syndicats jusque-l\u00e0 plut\u00f4t discrets, ont mobilis\u00e9 une partie des employ\u00e9s et leurs gr\u00e8ves ont d\u00e9bouch\u00e9 sur une substantielle augmentation de salaire de +20 %.<\/p>\n<p>La capacit\u00e9 du groupe \u00e0 lancer de nouveaux concepts \u00e0 succ\u00e8s et \u00e0 auto-financer leur d\u00e9veloppement est d\u00e9sormais d\u00e9montr\u00e9e :&nbsp;le groupe a lanc\u00e9 la plate-forme de vente de v\u00eatements d\u2019occasion \u2018<a href=\"https:\/\/resell.zara.com\/\" target=\"_blank\" rel=\"noreferrer noopener\">Zara&nbsp;Pre-Owne<\/a>\u2019,&nbsp;ouvert&nbsp;Angleterre en 2022 et&nbsp;pr\u00e9vue&nbsp;en France et en Allemagne dans quelques mois.&nbsp;Un plan d\u2019investissement d\u20191 milliard et demi pr\u00e9voit l\u2019ouverture de nouvelles boutiques, dont une sur les&nbsp;Champs-Elys\u00e9es&nbsp;et 30 projets aux Etats Unis ainsi que l\u2019am\u00e9lioration des canaux de distribution et de logistique.<\/p>\n<p>Tant au niveau de la croissance que des marges, la performance historique d&rsquo;Inditex laisse ses deux rivaux, le japonais&nbsp;Fast&nbsp;Retailing, propri\u00e9taire d&rsquo;Uniqlo, et le su\u00e9dois H&amp;M, loin derri\u00e8re dans la&nbsp;course ;&nbsp;dans ce contexte, les dirigeants du groupe se disent confiants sur les perspectives pour 2023.<\/p>\n<p class=\"has-text-align-right\">Laurence Lemoine<\/p>\n<p class=\"has-text-align-right\"><a href=\"https:\/\/www.valencia-expat-services.com\/\">Valencia Expat services<\/a><br \/><a href=\"http:\/\/www.madrid-expat-services.com\/\">Madrid<\/a>&nbsp;<a href=\"https:\/\/barcelona-expat-services.es\/fr\/\">Barcelone<\/a>&nbsp;<a href=\"http:\/\/www.javea-denia-expat-services.com\/\">Javea-Denia<\/a><\/p>\n","protected":false},"excerpt":{"rendered":"<p>Inditex la maison m\u00e8re de Zara, annonce un record de profits et de chiffre d\u2019affaires pour 2022 avec plus de 4 milliards d\u2019euros de b\u00e9n\u00e9fices, un record historique, et ce, malgr\u00e9 un contexte international et social difficile. Le leader mondial du&nbsp;pr\u00eat-\u00e0-porter&nbsp;qui regroupe les marques Zara, Zara Home, Stradivarius, Pull and&nbsp;Bear,&nbsp;Oysho, Massimo&nbsp;Dutti&nbsp;et&nbsp;Bershka&nbsp;vient de publier ses r\u00e9sultats [&hellip;]<\/p>\n","protected":false},"author":13,"featured_media":24508,"comment_status":"open","ping_status":"closed","sticky":false,"template":"","format":"standard","meta":{"_monsterinsights_skip_tracking":false,"_monsterinsights_sitenote_active":false,"_monsterinsights_sitenote_note":"","_monsterinsights_sitenote_category":0,"footnotes":""},"categories":[212],"tags":[],"class_list":["post-60171","post","type-post","status-publish","format-standard","has-post-thumbnail","hentry","category-breaking-news"],"acf":[],"aioseo_notices":[],"_links":{"self":[{"href":"https:\/\/yo.estate\/index.php\/wp-json\/wp\/v2\/posts\/60171","targetHints":{"allow":["GET"]}}],"collection":[{"href":"https:\/\/yo.estate\/index.php\/wp-json\/wp\/v2\/posts"}],"about":[{"href":"https:\/\/yo.estate\/index.php\/wp-json\/wp\/v2\/types\/post"}],"author":[{"embeddable":true,"href":"https:\/\/yo.estate\/index.php\/wp-json\/wp\/v2\/users\/13"}],"replies":[{"embeddable":true,"href":"https:\/\/yo.estate\/index.php\/wp-json\/wp\/v2\/comments?post=60171"}],"version-history":[{"count":0,"href":"https:\/\/yo.estate\/index.php\/wp-json\/wp\/v2\/posts\/60171\/revisions"}],"wp:featuredmedia":[{"embeddable":true,"href":"https:\/\/yo.estate\/index.php\/wp-json\/wp\/v2\/media\/24508"}],"wp:attachment":[{"href":"https:\/\/yo.estate\/index.php\/wp-json\/wp\/v2\/media?parent=60171"}],"wp:term":[{"taxonomy":"category","embeddable":true,"href":"https:\/\/yo.estate\/index.php\/wp-json\/wp\/v2\/categories?post=60171"},{"taxonomy":"post_tag","embeddable":true,"href":"https:\/\/yo.estate\/index.php\/wp-json\/wp\/v2\/tags?post=60171"}],"curies":[{"name":"wp","href":"https:\/\/api.w.org\/{rel}","templated":true}]}}