{"id":60198,"date":"2024-06-24T08:45:09","date_gmt":"2024-06-24T08:45:09","guid":{"rendered":"https:\/\/yo.estate\/index.php\/2024\/06\/24\/leroy-merlin-ouvrira-en-plein-centre-de-valencia\/"},"modified":"2026-02-21T09:19:56","modified_gmt":"2026-02-21T09:19:56","slug":"leroy-merlin-ouvrira-en-plein-centre-de-valencia","status":"publish","type":"post","link":"https:\/\/yo.estate\/index.php\/2024\/06\/24\/leroy-merlin-ouvrira-en-plein-centre-de-valencia\/","title":{"rendered":"<a href=\"https:\/\/www.valencia-expat-services.com\/leroy-merlin-ouvrira-en-plein-centre-de-valencia\">Leroy Merlin ouvrira en plein centre de Valencia<\/a>"},"content":{"rendered":"<p>C\u2019est presque devenu normal\u2026&nbsp;Les grandes cha\u00eenes de magasins se rapprochent des citadins et s\u2019installent au c\u0153ur des villes.&nbsp;Apr\u00e8s&nbsp;Media-Markt,&nbsp;Rossman&nbsp;et Decathlon, c\u2019est maintenant le tour de la&nbsp;cha\u00eene&nbsp;fran\u00e7aise de bricolage Leroy Merlin.&nbsp;\u00c0 deux pas du&nbsp;Mercado&nbsp;Colon, l\u2019endroit retenu est le num\u00e9ro 27 de la Calle&nbsp;Conde&nbsp;Salvatierra, occup\u00e9 jusque-l\u00e0 par la marque catalane de v\u00eatements,&nbsp;Kaotiko, qui a ferm\u00e9 ses portes r\u00e9cemment.&nbsp;<\/p>\n<p>Pour le moment, les travaux n\u2019ont pas commenc\u00e9, mais l\u2019on sait que le magasin de Valencia aura une superficie d\u2019environ 500 m\u00e8tres carr\u00e9s et proposera des articles de cuisine, de salle de bains et de bricolage.<\/p>\n<p>Avec cette ouverture, la cha\u00eene sp\u00e9cialis\u00e9e dans les produits pour la maison, le jardinage et la construction \u00e9tend donc son format urbain dans les centres-villes, s\u2019\u00e9loignant des grands espaces qu\u2019elle occupe habituellement en p\u00e9riph\u00e9rie, principalement dans les centres commerciaux.&nbsp;En Espagne, sa premi\u00e8re boutique de ville a ouvert \u00e0 Madrid, en 2018 :&nbsp;l\u2019offre y est plus r\u00e9duite, mais la marque se rapproche de ses clients.&nbsp;<\/p>\n<p>Fond\u00e9 en 1923 par Adolphe Leroy y Rose Merlin, l\u2019entreprise, avec 460 magasins est devenu un acteur mondial du secteur construction et bricolage et appartient au groupe\u00a0Adeo\u00a0qui emploie 150 000 personnes.\u00a0Ce m\u00eame groupe est propri\u00e9taire \u00e9galement des magasins\u00a0Obramat\u00a0le tout nouveau nom utiliser pour le\u00a0rebranding\u00a0de\u00a0Bricomat.<\/p>\n<p class=\"has-text-align-right\">Laurence Lemoine<\/p>\n<p class=\"has-text-align-right\"><a href=\"https:\/\/www.valencia-expat-services.com\/\">Valencia Expat services<\/a><br \/><a href=\"http:\/\/www.madrid-expat-services.com\/\">Madrid<\/a>&nbsp;<a href=\"https:\/\/barcelona-expat-services.es\/fr\/\">Barcelone<\/a>&nbsp;<a href=\"http:\/\/www.javea-denia-expat-services.com\/\">Javea-Denia<\/a><\/p>\n","protected":false},"excerpt":{"rendered":"<p>C\u2019est presque devenu normal\u2026&nbsp;Les grandes cha\u00eenes de magasins se rapprochent des citadins et s\u2019installent au c\u0153ur des villes.&nbsp;Apr\u00e8s&nbsp;Media-Markt,&nbsp;Rossman&nbsp;et Decathlon, c\u2019est maintenant le tour de la&nbsp;cha\u00eene&nbsp;fran\u00e7aise de bricolage Leroy Merlin.&nbsp;\u00c0 deux pas du&nbsp;Mercado&nbsp;Colon, l\u2019endroit retenu est le num\u00e9ro 27 de la Calle&nbsp;Conde&nbsp;Salvatierra, occup\u00e9 jusque-l\u00e0 par la marque catalane de v\u00eatements,&nbsp;Kaotiko, qui a ferm\u00e9 ses portes r\u00e9cemment.&nbsp; [&hellip;]<\/p>\n","protected":false},"author":13,"featured_media":25022,"comment_status":"open","ping_status":"closed","sticky":false,"template":"","format":"standard","meta":{"_monsterinsights_skip_tracking":false,"_monsterinsights_sitenote_active":false,"_monsterinsights_sitenote_note":"","_monsterinsights_sitenote_category":0,"footnotes":""},"categories":[212],"tags":[],"class_list":["post-60198","post","type-post","status-publish","format-standard","has-post-thumbnail","hentry","category-breaking-news"],"acf":[],"aioseo_notices":[],"_links":{"self":[{"href":"https:\/\/yo.estate\/index.php\/wp-json\/wp\/v2\/posts\/60198","targetHints":{"allow":["GET"]}}],"collection":[{"href":"https:\/\/yo.estate\/index.php\/wp-json\/wp\/v2\/posts"}],"about":[{"href":"https:\/\/yo.estate\/index.php\/wp-json\/wp\/v2\/types\/post"}],"author":[{"embeddable":true,"href":"https:\/\/yo.estate\/index.php\/wp-json\/wp\/v2\/users\/13"}],"replies":[{"embeddable":true,"href":"https:\/\/yo.estate\/index.php\/wp-json\/wp\/v2\/comments?post=60198"}],"version-history":[{"count":0,"href":"https:\/\/yo.estate\/index.php\/wp-json\/wp\/v2\/posts\/60198\/revisions"}],"wp:featuredmedia":[{"embeddable":true,"href":"https:\/\/yo.estate\/index.php\/wp-json\/wp\/v2\/media\/25022"}],"wp:attachment":[{"href":"https:\/\/yo.estate\/index.php\/wp-json\/wp\/v2\/media?parent=60198"}],"wp:term":[{"taxonomy":"category","embeddable":true,"href":"https:\/\/yo.estate\/index.php\/wp-json\/wp\/v2\/categories?post=60198"},{"taxonomy":"post_tag","embeddable":true,"href":"https:\/\/yo.estate\/index.php\/wp-json\/wp\/v2\/tags?post=60198"}],"curies":[{"name":"wp","href":"https:\/\/api.w.org\/{rel}","templated":true}]}}