{"id":62043,"date":"2024-08-08T03:25:36","date_gmt":"2024-08-08T03:25:36","guid":{"rendered":"https:\/\/yo.estate\/index.php\/2024\/08\/08\/meridia-passe-a-la-vitesse-superieure-et-achete-un-immeuble-a-madrid-gere-par-caterina\/"},"modified":"2026-03-06T01:03:16","modified_gmt":"2026-03-06T01:03:16","slug":"meridia-passe-a-la-vitesse-superieure-et-achete-un-immeuble-a-madrid-gere-par-caterina","status":"publish","type":"post","link":"https:\/\/yo.estate\/index.php\/2024\/08\/08\/meridia-passe-a-la-vitesse-superieure-et-achete-un-immeuble-a-madrid-gere-par-caterina\/","title":{"rendered":"Meridia passe \u00e0 la vitesse sup\u00e9rieure et ach\u00e8te un immeuble \u00e0 Madrid g\u00e9r\u00e9 par Caterina"},"content":{"rendered":"<p>L&rsquo;investissement dans le \u00ab\u00a0flexliving\u00a0\u00bb continue de se r\u00e9pandre comme une tra\u00een\u00e9e de poudre dans l&rsquo;immobilier espagnol. Meridia Capital, la soci\u00e9t\u00e9 de gestion dirig\u00e9e par Javier Faus, a conclu l&rsquo;achat d&rsquo;un nouvel immeuble r\u00e9sidentiel \u00e0 Madrid, comme l&rsquo;ont expliqu\u00e9 des sources proches de la transaction \u00e0 idealista\/news. L&rsquo;actif, destin\u00e9 \u00e0 la location \u00e0 moyen terme, est exploit\u00e9 par Caterina et la transaction a \u00e9t\u00e9 n\u00e9goci\u00e9e par <strong>3 Capital Real Estate.<\/strong><\/p>\n<p>Il s&rsquo;agit d&rsquo;un immeuble neuf (l&rsquo;ouvrage a \u00e9t\u00e9 livr\u00e9 fin d\u00e9cembre 2023) au num\u00e9ro 17 de la rue, au c\u0153ur de Cuatro Caminos, \u00e0 2 rues de la zone d&rsquo;activit\u00e9 AZCA et de sa zone d&rsquo;influence, l&rsquo;un des centres n\u00e9vralgiques de la ville o\u00f9 se concentrent un grand nombre de si\u00e8ges d&rsquo;entreprises, d&rsquo;administrations publiques, de restaurants et de commerces en tout genre.<\/p>\n<p>La propri\u00e9t\u00e9 se compose de 12 appartements r\u00e9partis sur 6 \u00e9tages orient\u00e9s au sud, tous ext\u00e9rieurs. L&rsquo;un des appartements dispose d&rsquo;un jardin priv\u00e9. <strong>Le b\u00e2timent a obtenu une note \u00e9nerg\u00e9tique de A<\/strong> pour les \u00e9missions et sera \u00e9quip\u00e9 des derni\u00e8res technologies en mati\u00e8re d&rsquo;acc\u00e8s, de communication et de s\u00e9curit\u00e9.<\/p>\n<p>La surface de chaque unit\u00e9 est sup\u00e9rieure \u00e0 la moyenne du secteur dans la ville, avec des cuisines enti\u00e8rement \u00e9quip\u00e9es et des salles de stockage ind\u00e9pendantes, entre autres installations. L&rsquo;immeuble offrira des services tels que le service d&rsquo;accueil 24\/7, le Wifi, l&rsquo;entretien, le nettoyage et la blanchisserie sur demande, ainsi que les \u00e9quipements n\u00e9cessaires pour des s\u00e9jours de 1 \u00e0 11 mois, tous les services \u00e9tant factur\u00e9s en une seule fois.<\/p>\n<p>Caterina, l&rsquo;op\u00e9rateur qui g\u00e9rera les appartements, est pr\u00e9sent \u00e0 Malaga, Madrid et Barcelone et s&rsquo;est engag\u00e9 \u00e0 se d\u00e9velopper dans d&rsquo;autres destinations. Tous les logements g\u00e9r\u00e9s par l&rsquo;entreprise sont situ\u00e9s dans des endroits centraux, comme celui acquis ; Cuatro Caminos est l&rsquo;un des quartiers les mieux desservis de Madrid, avec plusieurs lignes de bus et de m\u00e9tro qui le relient en quelques minutes au centre historique de la ville.<\/p>\n<p>Au cours des derniers mois, Caterina a ajout\u00e9 6 nouveaux immeubles \u00e0 son portefeuille de gestion. Avec ces ouvertures, la soci\u00e9t\u00e9 compte d\u00e9sormais 30 immeubles dans son portefeuille (20 \u00e0 Barcelone, 7 \u00e0 Madrid et 3 \u00e0 Malaga), pour un total d&rsquo;un peu plus de 400 appartements sous gestion.<\/p>\n<p>Les nouveaux immeubles sont situ\u00e9s \u00e0<strong> Madrid <\/strong>(Caterina Las Ventas et Caterina Cuatro Torres), \u00e0 <strong>Barcelone<\/strong> (Caterina Universitat, Caterina Correos et Caterina San Antoni) et \u00e0 <strong>Malaga<\/strong> (Caterina Pedregalejo).<\/p>\n<p>D&rsquo;ici 2024, l&rsquo;objectif de la marque est d&rsquo;atteindre <strong>480 unit\u00e9s sous gestion<\/strong> et un chiffre d&rsquo;affaires g\u00e9r\u00e9 de plus de <strong>10 millions d&rsquo;euros<\/strong>, comme l&rsquo;a annonc\u00e9 BrainsRE. Caterina se concentre actuellement sur une croissance beaucoup plus importante \u00e0 Madrid et Malaga, bien qu&rsquo;elle envisage \u00e9galement de futures ouvertures \u00e0 <strong>Valence.<\/strong><\/p>\n<p>Bien que le <strong>type de produit <\/strong>de la soci\u00e9t\u00e9 soit l&rsquo;appartement d&rsquo;entreprise dans un immeuble complet du centre-ville, id\u00e9alement avec des espaces communs, Caterina s&rsquo;int\u00e9resse \u00e0 de nouveaux types de produits.<\/p>\n<p>Pour sa part, le gestionnaire de fonds pr\u00e9sid\u00e9 par Javier Faus g\u00e8re plus d&rsquo;1 milliard d&rsquo;euros. Actuellement, le 3\u00e8me fonds de Meridia est en cours de d\u00e9sinvestissement, tandis que les 4\u00e8me et 5\u00e8me fonds sont en train d&rsquo;\u00e9largir leur portefeuille avec des fonds. En outre, Meridia dispose d&rsquo;un fonds sp\u00e9cialis\u00e9 dans les campings de luxe, qui a d\u00e9j\u00e0 lev\u00e9 138 millions d&rsquo;euros.<\/p>\n<p>Pour le fonds Meridia V, la soci\u00e9t\u00e9 continue \u00e0 parcourir le march\u00e9 \u00e0 la recherche d&rsquo;h\u00f4tels et vise en particulier Madrid, tout en continuant \u00e0 \u00e9tudier le march\u00e9 \u00e0 Barcelone et Malaga et dans d&rsquo;autres villes comme Valence et S\u00e9ville.<\/p>\n<p>Source : <a href=\"https:\/\/www.idealista.com\/news\/inmobiliario\/vivienda\/2024\/08\/07\/818988-meridia-sube-su-apuesta-por-el-flexliving-y-compra-un-edificio-en-madrid-gestionado\">Idealista<\/a><\/p>\n<div style=\"height:100px\" aria-hidden=\"true\" class=\"wp-block-spacer\"><\/div><\/p>\n","protected":false},"excerpt":{"rendered":"<p>L&rsquo;investissement dans le \u00ab\u00a0flexliving\u00a0\u00bb continue de se r\u00e9pandre comme une tra\u00een\u00e9e de poudre dans l&rsquo;immobilier espagnol. Meridia Capital, la soci\u00e9t\u00e9 de gestion dirig\u00e9e par Javier Faus, a conclu l&rsquo;achat d&rsquo;un nouvel immeuble r\u00e9sidentiel \u00e0 Madrid, comme l&rsquo;ont expliqu\u00e9 des sources proches de la transaction \u00e0 idealista\/news. L&rsquo;actif, destin\u00e9 \u00e0 la location \u00e0 moyen terme, est [&hellip;]<\/p>\n","protected":false},"author":13,"featured_media":62044,"comment_status":"open","ping_status":"closed","sticky":false,"template":"","format":"standard","meta":{"_monsterinsights_skip_tracking":false,"_monsterinsights_sitenote_active":false,"_monsterinsights_sitenote_note":"","_monsterinsights_sitenote_category":0,"footnotes":""},"categories":[212,258],"tags":[4252,2893,375,739],"class_list":["post-62043","post","type-post","status-publish","format-standard","has-post-thumbnail","hentry","category-breaking-news","category-hotels-living","tag-caterina","tag-immeuble","tag-madrid","tag-meridiana"],"acf":[],"aioseo_notices":[],"_links":{"self":[{"href":"https:\/\/yo.estate\/index.php\/wp-json\/wp\/v2\/posts\/62043","targetHints":{"allow":["GET"]}}],"collection":[{"href":"https:\/\/yo.estate\/index.php\/wp-json\/wp\/v2\/posts"}],"about":[{"href":"https:\/\/yo.estate\/index.php\/wp-json\/wp\/v2\/types\/post"}],"author":[{"embeddable":true,"href":"https:\/\/yo.estate\/index.php\/wp-json\/wp\/v2\/users\/13"}],"replies":[{"embeddable":true,"href":"https:\/\/yo.estate\/index.php\/wp-json\/wp\/v2\/comments?post=62043"}],"version-history":[{"count":0,"href":"https:\/\/yo.estate\/index.php\/wp-json\/wp\/v2\/posts\/62043\/revisions"}],"wp:featuredmedia":[{"embeddable":true,"href":"https:\/\/yo.estate\/index.php\/wp-json\/wp\/v2\/media\/62044"}],"wp:attachment":[{"href":"https:\/\/yo.estate\/index.php\/wp-json\/wp\/v2\/media?parent=62043"}],"wp:term":[{"taxonomy":"category","embeddable":true,"href":"https:\/\/yo.estate\/index.php\/wp-json\/wp\/v2\/categories?post=62043"},{"taxonomy":"post_tag","embeddable":true,"href":"https:\/\/yo.estate\/index.php\/wp-json\/wp\/v2\/tags?post=62043"}],"curies":[{"name":"wp","href":"https:\/\/api.w.org\/{rel}","templated":true}]}}