{"id":71822,"date":"2026-03-13T15:37:38","date_gmt":"2026-03-13T15:37:38","guid":{"rendered":"https:\/\/yo.estate\/index.php\/2026\/03\/13\/valence-interdit-les-logements-touristiques-occasionnels-a-ciutat-vella-2\/"},"modified":"2026-04-22T17:19:39","modified_gmt":"2026-04-22T17:19:39","slug":"valence-interdit-les-logements-touristiques-occasionnels-a-ciutat-vella-2","status":"publish","type":"post","link":"https:\/\/yo.estate\/index.php\/2026\/03\/13\/valence-interdit-les-logements-touristiques-occasionnels-a-ciutat-vella-2\/","title":{"rendered":"Valence interdit les logements touristiques occasionnels \u00e0 Ciutat Vella"},"content":{"rendered":"<p><span dir=\"auto\" style=\"vertical-align: inherit\"><span dir=\"auto\" style=\"vertical-align: inherit\"><\/p>\n<p>Ils essaient d&#8217;emp\u00eacher une r\u00e9duction de l&#8217;offre de logements \u00e0 usage r\u00e9sidentiel.<\/p>\n<p>3 f\u00e9vrier 2023<\/p>\n<p>Le conseil municipal de Valence a accept\u00e9 d&#8217;engager une proc\u00e9dure visant \u00e0 appliquer une modification sp\u00e9cifique des r\u00e8gles d&#8217;urbanisme du plan de protection sp\u00e9ciale (PEP) de la Ciutat Vella et \u00e0 emp\u00eacher la location occasionnelle de logements touristiques dans cette zone, et ainsi \u00e0 promouvoir l&#8217;usage r\u00e9sidentiel et le commerce traditionnel dans le centre historique de la ville.<\/p>\n<p>La d\u00e9cision a \u00e9t\u00e9 annonc\u00e9e ce vendredi par le conseiller du Tr\u00e9sor, Borja Sanjuan, qui a expliqu\u00e9 que l&#8217;objectif de cette mesure est que &#8220;le centre historique de Valence soit un lieu exceptionnel \u00e0 visiter, mais surtout un lieu exceptionnel \u00e0 vivre&#8221;.<\/p>\n<p>Apr\u00e8s avoir analys\u00e9 l&#8217;\u00e9volution du mod\u00e8le touristique, Sanjuan a expliqu\u00e9 que &#8220;l&#8217;un des effets n\u00e9gatifs de la prolif\u00e9ration des appartements touristiques et ce contre quoi nous luttons avec tous les outils \u00e0 notre disposition est que l\u00e0 o\u00f9 il y a aujourd&#8217;hui un appartement touristique, il y avait auparavant une maison&#8221;.<\/p>\n<p>Pour cette raison, non seulement nous allons limiter les logements qui n&#8217;ont pas de compatibilit\u00e9 urbaine pour \u00eatre utilis\u00e9s \u00e0 plein temps comme appartement touristique, mais aussi &#8220;nous allons emp\u00eacher que des logements touristiques occasionnels soient construits dans le PEP de Ciutat Vella&#8221; et ce parce que &#8220;nous ne voulons pas qu&#8217;il soit un espace \u00e0 travers lequel des appartements touristiques peuvent \u00eatre construits&#8221;.<br \/>Jusqu&#8217;\u00e0 pr\u00e9sent, le plan de protection sp\u00e9ciale (PEP) de Ciutat Vella envisageait l&#8217;option du logement touristique occasionnel comme celle qui ne pouvait \u00eatre demand\u00e9e que par des particuliers, dans leur r\u00e9sidence habituelle, pour un maximum de 60 jours par an et avec l&#8217;autorisation de l&#8217;association des r\u00e9sidents. <\/p>\n<p>Pr\u00e8s de trois ans apr\u00e8s l&#8217;entr\u00e9e en vigueur du plan, l&#8217;objectif de promouvoir l&#8217;usage r\u00e9sidentiel et le commerce traditionnel &#8220;reste une priorit\u00e9, plus encore \u00e0 l&#8217;heure actuelle, alors que les difficult\u00e9s d&#8217;acc\u00e8s au logement se sont aggrav\u00e9es&#8221;, expliquent-ils dans un communiqu\u00e9.<\/p>\n<\/p>\n<p><\/span><\/span><\/p>\n","protected":false},"excerpt":{"rendered":"<p>Ils essaient d&#8217;emp\u00eacher une r\u00e9duction de l&#8217;offre de logements \u00e0 usage r\u00e9sidentiel. 3 f\u00e9vrier 2023 Le conseil municipal de Valence a accept\u00e9 d&#8217;engager une proc\u00e9dure visant \u00e0 appliquer une modification sp\u00e9cifique des r\u00e8gles d&#8217;urbanisme du plan de protection sp\u00e9ciale (PEP) de la Ciutat Vella et \u00e0 emp\u00eacher la location occasionnelle de logements touristiques dans cette [&hellip;]<\/p>\n","protected":false},"author":13,"featured_media":24960,"comment_status":"open","ping_status":"closed","sticky":false,"template":"","format":"standard","meta":{"_monsterinsights_skip_tracking":false,"_monsterinsights_sitenote_active":false,"_monsterinsights_sitenote_note":"","_monsterinsights_sitenote_category":0,"footnotes":""},"categories":[212],"tags":[],"class_list":["post-71822","post","type-post","status-publish","format-standard","has-post-thumbnail","hentry","category-breaking-news"],"acf":[],"aioseo_notices":[],"_links":{"self":[{"href":"https:\/\/yo.estate\/index.php\/wp-json\/wp\/v2\/posts\/71822","targetHints":{"allow":["GET"]}}],"collection":[{"href":"https:\/\/yo.estate\/index.php\/wp-json\/wp\/v2\/posts"}],"about":[{"href":"https:\/\/yo.estate\/index.php\/wp-json\/wp\/v2\/types\/post"}],"author":[{"embeddable":true,"href":"https:\/\/yo.estate\/index.php\/wp-json\/wp\/v2\/users\/13"}],"replies":[{"embeddable":true,"href":"https:\/\/yo.estate\/index.php\/wp-json\/wp\/v2\/comments?post=71822"}],"version-history":[{"count":0,"href":"https:\/\/yo.estate\/index.php\/wp-json\/wp\/v2\/posts\/71822\/revisions"}],"wp:featuredmedia":[{"embeddable":true,"href":"https:\/\/yo.estate\/index.php\/wp-json\/wp\/v2\/media\/24960"}],"wp:attachment":[{"href":"https:\/\/yo.estate\/index.php\/wp-json\/wp\/v2\/media?parent=71822"}],"wp:term":[{"taxonomy":"category","embeddable":true,"href":"https:\/\/yo.estate\/index.php\/wp-json\/wp\/v2\/categories?post=71822"},{"taxonomy":"post_tag","embeddable":true,"href":"https:\/\/yo.estate\/index.php\/wp-json\/wp\/v2\/tags?post=71822"}],"curies":[{"name":"wp","href":"https:\/\/api.w.org\/{rel}","templated":true}]}}